{"id":9523,"date":"2023-03-31T15:33:08","date_gmt":"2023-03-31T13:33:08","guid":{"rendered":"https:\/\/magmacultura.com\/?post_type=actualidad&#038;p=9523"},"modified":"2024-07-30T12:28:54","modified_gmt":"2024-07-30T10:28:54","slug":"presentacio-als-mitjans-de-sorolla-una-nova-dimensio","status":"publish","type":"actualidad","link":"https:\/\/magmacultura.com\/ca\/actualitat\/presentacio-als-mitjans-de-sorolla-una-nova-dimensio\/","title":{"rendered":"Presentaci\u00f3 als mitjans de \u201cSorolla, una nova dimensi\u00f3&#8221;"},"excerpt":{"rendered":"<p>L\u2019edifici La Base, a La Marina de Val\u00e8ncia, acollir\u00e0 a partir del 15 de juny la primera exposici\u00f3 immersiva sobre el gran artista de la mar, en el marc de l\u2019Any Sorolla.<\/p>\n","protected":false},"featured_media":9502,"template":"","etiquetas":[],"class_list":["post-9523","actualidad","type-actualidad","status-publish","has-post-thumbnail","hentry"],"yoast_head":"<!-- This site is optimized with the Yoast SEO plugin v27.4 - https:\/\/yoast.com\/product\/yoast-seo-wordpress\/ -->\n<title>Presentaci\u00f3 als mitjans de \u201cSorolla, una nova dimensi\u00f3&quot; | Magmacultura<\/title>\n<meta name=\"description\" content=\"L\u2019edifici La Base, a La Marina de Val\u00e8ncia, acollir\u00e0 a partir del 15 de juny la primera exposici\u00f3 immersiva sobre el gran artista de la mar, en el marc de l\u2019Any Sorolla.\" \/>\n<meta name=\"robots\" content=\"index, follow, max-snippet:-1, max-image-preview:large, max-video-preview:-1\" \/>\n<link rel=\"canonical\" href=\"https:\/\/magmacultura.com\/ca\/actualitat\/presentacio-als-mitjans-de-sorolla-una-nova-dimensio\/\" \/>\n<meta property=\"og:locale\" content=\"ca_ES\" \/>\n<meta property=\"og:type\" content=\"article\" \/>\n<meta property=\"og:title\" content=\"Presentaci\u00f3 als mitjans de \u201cSorolla, una nova dimensi\u00f3&quot; | Magmacultura\" \/>\n<meta property=\"og:description\" content=\"L\u2019edifici La Base, a La Marina de Val\u00e8ncia, acollir\u00e0 a partir del 15 de juny la primera exposici\u00f3 immersiva sobre el gran artista de la mar, en el marc de l\u2019Any Sorolla.\" \/>\n<meta property=\"og:url\" content=\"https:\/\/magmacultura.com\/ca\/actualitat\/presentacio-als-mitjans-de-sorolla-una-nova-dimensio\/\" \/>\n<meta property=\"og:site_name\" content=\"Magmacultura\" \/>\n<meta property=\"article:publisher\" content=\"https:\/\/www.facebook.com\/MagmaCultura\/\" \/>\n<meta property=\"article:modified_time\" content=\"2024-07-30T10:28:54+00:00\" \/>\n<meta property=\"og:image\" content=\"https:\/\/magmacultura.com\/wp-content\/uploads\/2023\/03\/338181213_144139515259435_3768716979473848824_n.jpg\" \/>\n\t<meta property=\"og:image:width\" content=\"1440\" \/>\n\t<meta property=\"og:image:height\" content=\"1440\" \/>\n\t<meta property=\"og:image:type\" content=\"image\/jpeg\" \/>\n<meta name=\"twitter:card\" content=\"summary_large_image\" \/>\n<meta name=\"twitter:site\" content=\"@magmacultura\" \/>\n<meta name=\"twitter:label1\" content=\"Temps estimat de lectura\" \/>\n\t<meta name=\"twitter:data1\" content=\"2 minuts\" \/>\n<script type=\"application\/ld+json\" class=\"yoast-schema-graph\">{\"@context\":\"https:\\\/\\\/schema.org\",\"@graph\":[{\"@type\":[\"WebPage\",\"ItemPage\"],\"@id\":\"https:\\\/\\\/magmacultura.com\\\/ca\\\/actualitat\\\/presentacio-als-mitjans-de-sorolla-una-nova-dimensio\\\/\",\"url\":\"https:\\\/\\\/magmacultura.com\\\/ca\\\/actualitat\\\/presentacio-als-mitjans-de-sorolla-una-nova-dimensio\\\/\",\"name\":\"Presentaci\u00f3 als mitjans de \u201cSorolla, una nova dimensi\u00f3\\\" | Magmacultura\",\"isPartOf\":{\"@id\":\"https:\\\/\\\/magmacultura.com\\\/ca\\\/#website\"},\"primaryImageOfPage\":{\"@id\":\"https:\\\/\\\/magmacultura.com\\\/ca\\\/actualitat\\\/presentacio-als-mitjans-de-sorolla-una-nova-dimensio\\\/#primaryimage\"},\"image\":{\"@id\":\"https:\\\/\\\/magmacultura.com\\\/ca\\\/actualitat\\\/presentacio-als-mitjans-de-sorolla-una-nova-dimensio\\\/#primaryimage\"},\"thumbnailUrl\":\"https:\\\/\\\/magmacultura.com\\\/wp-content\\\/uploads\\\/2023\\\/03\\\/338181213_144139515259435_3768716979473848824_n.jpg\",\"datePublished\":\"2023-03-31T13:33:08+00:00\",\"dateModified\":\"2024-07-30T10:28:54+00:00\",\"description\":\"L\u2019edifici La Base, a La Marina de Val\u00e8ncia, acollir\u00e0 a partir del 15 de juny la primera exposici\u00f3 immersiva sobre el gran artista de la mar, en el marc de l\u2019Any Sorolla.\",\"breadcrumb\":{\"@id\":\"https:\\\/\\\/magmacultura.com\\\/ca\\\/actualitat\\\/presentacio-als-mitjans-de-sorolla-una-nova-dimensio\\\/#breadcrumb\"},\"inLanguage\":\"ca\",\"potentialAction\":[{\"@type\":\"ReadAction\",\"target\":[\"https:\\\/\\\/magmacultura.com\\\/ca\\\/actualitat\\\/presentacio-als-mitjans-de-sorolla-una-nova-dimensio\\\/\"]}]},{\"@type\":\"ImageObject\",\"inLanguage\":\"ca\",\"@id\":\"https:\\\/\\\/magmacultura.com\\\/ca\\\/actualitat\\\/presentacio-als-mitjans-de-sorolla-una-nova-dimensio\\\/#primaryimage\",\"url\":\"https:\\\/\\\/magmacultura.com\\\/wp-content\\\/uploads\\\/2023\\\/03\\\/338181213_144139515259435_3768716979473848824_n.jpg\",\"contentUrl\":\"https:\\\/\\\/magmacultura.com\\\/wp-content\\\/uploads\\\/2023\\\/03\\\/338181213_144139515259435_3768716979473848824_n.jpg\",\"width\":1440,\"height\":1440},{\"@type\":\"BreadcrumbList\",\"@id\":\"https:\\\/\\\/magmacultura.com\\\/ca\\\/actualitat\\\/presentacio-als-mitjans-de-sorolla-una-nova-dimensio\\\/#breadcrumb\",\"itemListElement\":[{\"@type\":\"ListItem\",\"position\":1,\"name\":\"Home\",\"item\":\"https:\\\/\\\/magmacultura.com\\\/ca\\\/\"},{\"@type\":\"ListItem\",\"position\":2,\"name\":\"Actualidad\",\"item\":\"https:\\\/\\\/magmacultura.com\\\/ca\\\/actualitat\\\/\"},{\"@type\":\"ListItem\",\"position\":3,\"name\":\"Presentaci\u00f3 als mitjans de \u201cSorolla, una nova dimensi\u00f3&#8221;\"}]},{\"@type\":\"WebSite\",\"@id\":\"https:\\\/\\\/magmacultura.com\\\/ca\\\/#website\",\"url\":\"https:\\\/\\\/magmacultura.com\\\/ca\\\/\",\"name\":\"Magmacultura\",\"description\":\"Trabajamos para la cultura\",\"publisher\":{\"@id\":\"https:\\\/\\\/magmacultura.com\\\/ca\\\/#organization\"},\"potentialAction\":[{\"@type\":\"SearchAction\",\"target\":{\"@type\":\"EntryPoint\",\"urlTemplate\":\"https:\\\/\\\/magmacultura.com\\\/ca\\\/?s={search_term_string}\"},\"query-input\":{\"@type\":\"PropertyValueSpecification\",\"valueRequired\":true,\"valueName\":\"search_term_string\"}}],\"inLanguage\":\"ca\"},{\"@type\":\"Organization\",\"@id\":\"https:\\\/\\\/magmacultura.com\\\/ca\\\/#organization\",\"name\":\"Magmacultura\",\"url\":\"https:\\\/\\\/magmacultura.com\\\/ca\\\/\",\"logo\":{\"@type\":\"ImageObject\",\"inLanguage\":\"ca\",\"@id\":\"https:\\\/\\\/magmacultura.com\\\/ca\\\/#\\\/schema\\\/logo\\\/image\\\/\",\"url\":\"https:\\\/\\\/magmacultura.com\\\/wp-content\\\/uploads\\\/2022\\\/07\\\/logo-dark.svg\",\"contentUrl\":\"https:\\\/\\\/magmacultura.com\\\/wp-content\\\/uploads\\\/2022\\\/07\\\/logo-dark.svg\",\"width\":1,\"height\":1,\"caption\":\"Magmacultura\"},\"image\":{\"@id\":\"https:\\\/\\\/magmacultura.com\\\/ca\\\/#\\\/schema\\\/logo\\\/image\\\/\"},\"sameAs\":[\"https:\\\/\\\/www.facebook.com\\\/MagmaCultura\\\/\",\"https:\\\/\\\/x.com\\\/magmacultura\",\"https:\\\/\\\/www.linkedin.com\\\/company\\\/magmacultura.\\\/\",\"https:\\\/\\\/www.instagram.com\\\/magmacultura_\\\/\"]}]}<\/script>\n<!-- \/ Yoast SEO plugin. -->","yoast_head_json":{"title":"Presentaci\u00f3 als mitjans de \u201cSorolla, una nova dimensi\u00f3\" | Magmacultura","description":"L\u2019edifici La Base, a La Marina de Val\u00e8ncia, acollir\u00e0 a partir del 15 de juny la primera exposici\u00f3 immersiva sobre el gran artista de la mar, en el marc de l\u2019Any Sorolla.","robots":{"index":"index","follow":"follow","max-snippet":"max-snippet:-1","max-image-preview":"max-image-preview:large","max-video-preview":"max-video-preview:-1"},"canonical":"https:\/\/magmacultura.com\/ca\/actualitat\/presentacio-als-mitjans-de-sorolla-una-nova-dimensio\/","og_locale":"ca_ES","og_type":"article","og_title":"Presentaci\u00f3 als mitjans de \u201cSorolla, una nova dimensi\u00f3\" | Magmacultura","og_description":"L\u2019edifici La Base, a La Marina de Val\u00e8ncia, acollir\u00e0 a partir del 15 de juny la primera exposici\u00f3 immersiva sobre el gran artista de la mar, en el marc de l\u2019Any Sorolla.","og_url":"https:\/\/magmacultura.com\/ca\/actualitat\/presentacio-als-mitjans-de-sorolla-una-nova-dimensio\/","og_site_name":"Magmacultura","article_publisher":"https:\/\/www.facebook.com\/MagmaCultura\/","article_modified_time":"2024-07-30T10:28:54+00:00","og_image":[{"width":1440,"height":1440,"url":"https:\/\/magmacultura.com\/wp-content\/uploads\/2023\/03\/338181213_144139515259435_3768716979473848824_n.jpg","type":"image\/jpeg"}],"twitter_card":"summary_large_image","twitter_site":"@magmacultura","twitter_misc":{"Temps estimat de lectura":"2 minuts"},"schema":{"@context":"https:\/\/schema.org","@graph":[{"@type":["WebPage","ItemPage"],"@id":"https:\/\/magmacultura.com\/ca\/actualitat\/presentacio-als-mitjans-de-sorolla-una-nova-dimensio\/","url":"https:\/\/magmacultura.com\/ca\/actualitat\/presentacio-als-mitjans-de-sorolla-una-nova-dimensio\/","name":"Presentaci\u00f3 als mitjans de \u201cSorolla, una nova dimensi\u00f3\" | Magmacultura","isPartOf":{"@id":"https:\/\/magmacultura.com\/ca\/#website"},"primaryImageOfPage":{"@id":"https:\/\/magmacultura.com\/ca\/actualitat\/presentacio-als-mitjans-de-sorolla-una-nova-dimensio\/#primaryimage"},"image":{"@id":"https:\/\/magmacultura.com\/ca\/actualitat\/presentacio-als-mitjans-de-sorolla-una-nova-dimensio\/#primaryimage"},"thumbnailUrl":"https:\/\/magmacultura.com\/wp-content\/uploads\/2023\/03\/338181213_144139515259435_3768716979473848824_n.jpg","datePublished":"2023-03-31T13:33:08+00:00","dateModified":"2024-07-30T10:28:54+00:00","description":"L\u2019edifici La Base, a La Marina de Val\u00e8ncia, acollir\u00e0 a partir del 15 de juny la primera exposici\u00f3 immersiva sobre el gran artista de la mar, en el marc de l\u2019Any Sorolla.","breadcrumb":{"@id":"https:\/\/magmacultura.com\/ca\/actualitat\/presentacio-als-mitjans-de-sorolla-una-nova-dimensio\/#breadcrumb"},"inLanguage":"ca","potentialAction":[{"@type":"ReadAction","target":["https:\/\/magmacultura.com\/ca\/actualitat\/presentacio-als-mitjans-de-sorolla-una-nova-dimensio\/"]}]},{"@type":"ImageObject","inLanguage":"ca","@id":"https:\/\/magmacultura.com\/ca\/actualitat\/presentacio-als-mitjans-de-sorolla-una-nova-dimensio\/#primaryimage","url":"https:\/\/magmacultura.com\/wp-content\/uploads\/2023\/03\/338181213_144139515259435_3768716979473848824_n.jpg","contentUrl":"https:\/\/magmacultura.com\/wp-content\/uploads\/2023\/03\/338181213_144139515259435_3768716979473848824_n.jpg","width":1440,"height":1440},{"@type":"BreadcrumbList","@id":"https:\/\/magmacultura.com\/ca\/actualitat\/presentacio-als-mitjans-de-sorolla-una-nova-dimensio\/#breadcrumb","itemListElement":[{"@type":"ListItem","position":1,"name":"Home","item":"https:\/\/magmacultura.com\/ca\/"},{"@type":"ListItem","position":2,"name":"Actualidad","item":"https:\/\/magmacultura.com\/ca\/actualitat\/"},{"@type":"ListItem","position":3,"name":"Presentaci\u00f3 als mitjans de \u201cSorolla, una nova dimensi\u00f3&#8221;"}]},{"@type":"WebSite","@id":"https:\/\/magmacultura.com\/ca\/#website","url":"https:\/\/magmacultura.com\/ca\/","name":"Magmacultura","description":"Trabajamos para la cultura","publisher":{"@id":"https:\/\/magmacultura.com\/ca\/#organization"},"potentialAction":[{"@type":"SearchAction","target":{"@type":"EntryPoint","urlTemplate":"https:\/\/magmacultura.com\/ca\/?s={search_term_string}"},"query-input":{"@type":"PropertyValueSpecification","valueRequired":true,"valueName":"search_term_string"}}],"inLanguage":"ca"},{"@type":"Organization","@id":"https:\/\/magmacultura.com\/ca\/#organization","name":"Magmacultura","url":"https:\/\/magmacultura.com\/ca\/","logo":{"@type":"ImageObject","inLanguage":"ca","@id":"https:\/\/magmacultura.com\/ca\/#\/schema\/logo\/image\/","url":"https:\/\/magmacultura.com\/wp-content\/uploads\/2022\/07\/logo-dark.svg","contentUrl":"https:\/\/magmacultura.com\/wp-content\/uploads\/2022\/07\/logo-dark.svg","width":1,"height":1,"caption":"Magmacultura"},"image":{"@id":"https:\/\/magmacultura.com\/ca\/#\/schema\/logo\/image\/"},"sameAs":["https:\/\/www.facebook.com\/MagmaCultura\/","https:\/\/x.com\/magmacultura","https:\/\/www.linkedin.com\/company\/magmacultura.\/","https:\/\/www.instagram.com\/magmacultura_\/"]}]}},"_links":{"self":[{"href":"https:\/\/magmacultura.com\/ca\/wp-json\/wp\/v2\/actualidad\/9523","targetHints":{"allow":["GET"]}}],"collection":[{"href":"https:\/\/magmacultura.com\/ca\/wp-json\/wp\/v2\/actualidad"}],"about":[{"href":"https:\/\/magmacultura.com\/ca\/wp-json\/wp\/v2\/types\/actualidad"}],"wp:featuredmedia":[{"embeddable":true,"href":"https:\/\/magmacultura.com\/ca\/wp-json\/wp\/v2\/media\/9502"}],"wp:attachment":[{"href":"https:\/\/magmacultura.com\/ca\/wp-json\/wp\/v2\/media?parent=9523"}],"wp:term":[{"taxonomy":"etiquetas","embeddable":true,"href":"https:\/\/magmacultura.com\/ca\/wp-json\/wp\/v2\/etiquetas?post=9523"}],"curies":[{"name":"wp","href":"https:\/\/api.w.org\/{rel}","templated":true}]}}